{"id":384,"date":"2023-12-14T08:52:58","date_gmt":"2023-12-14T08:52:58","guid":{"rendered":"https:\/\/www.platformasociala.comunaisverna.ro\/?p=384"},"modified":"2023-12-14T08:52:58","modified_gmt":"2023-12-14T08:52:58","slug":"anunt-finalizare-proiect","status":"publish","type":"post","link":"https:\/\/www.platformasociala.comunaisverna.ro\/ro\/2023\/12\/14\/anunt-finalizare-proiect\/","title":{"rendered":"Anunt finalizare proiect"},"content":{"rendered":"<p><a href=\"https:\/\/www.platformasociala.comunaisverna.ro\/wp-content\/uploads\/2023\/12\/Anunt-finalizare-proiect.doc\">Anun\u021b finalizare proiect<\/a><\/p>\n<p>FINALIZARE PROIECT<\/p>\n<p>S\u00e2mb\u0103t\u0103, 18 Noiembrie 2023, se finalizeaz\u0103 implementarea proiectului \u201eImplementarea de masuri integrate pentru combaterea excluziunii sociale si reducerea gradului de s\u0103r\u0103cie din comuna Isverna\u201dCod SMIS: 140761 Nr. contract finantare: 4855\/18.02.2021, cofinan\u021bat din Fondul Social European prin POCU 2014-2020, Axa Prioritar\u0103 5 \u201eDezvoltare local\u0103 plasat\u0103 sub responsabilitatea comunit\u0103\u021bii\u201d, Obiectiv Specific 5.2 \u201eReducerea numarului de comunitati marginalizate aflate \u00een risc de saracie si excluziune sociala din zona rurala si orase cu o popultie de p\u00e2na la 20.000 locuitori prin implementarea de masuri\/ operatiuni integrate \u00een contextul mecanismului de DLRC.\u201d<\/p>\n<p>&nbsp;<\/p>\n<p>&nbsp;<\/p>\n<p>&nbsp;<\/p>\n<p>&nbsp;<\/p>","protected":false},"excerpt":{"rendered":"<p>Anun\u021b finalizare proiect FINALIZARE PROIECT S\u00e2mb\u0103t\u0103, 18 Noiembrie 2023, se finalizeaz\u0103 implementarea proiectului \u201eImplementarea de masuri integrate pentru combaterea excluziunii sociale si reducerea gradului de s\u0103r\u0103cie din comuna Isverna\u201dCod SMIS: 140761 Nr. contract finantare: 4855\/18.02.2021, cofinan\u021bat din Fondul Social European prin POCU 2014-2020, Axa Prioritar\u0103 5 \u201eDezvoltare local\u0103 plasat\u0103 sub responsabilitatea comunit\u0103\u021bii\u201d, Obiectiv Specific 5.2 [&hellip;]<\/p>","protected":false},"author":1,"featured_media":0,"comment_status":"open","ping_status":"open","sticky":false,"template":"","format":"standard","meta":{"_bbp_topic_count":0,"_bbp_reply_count":0,"_bbp_total_topic_count":0,"_bbp_total_reply_count":0,"_bbp_voice_count":0,"_bbp_anonymous_reply_count":0,"_bbp_topic_count_hidden":0,"_bbp_reply_count_hidden":0,"_bbp_forum_subforum_count":0,"footnotes":""},"categories":[4],"tags":[],"class_list":["post-384","post","type-post","status-publish","format-standard","hentry","category-anunturi"],"_links":{"self":[{"href":"https:\/\/www.platformasociala.comunaisverna.ro\/ro\/wp-json\/wp\/v2\/posts\/384","targetHints":{"allow":["GET"]}}],"collection":[{"href":"https:\/\/www.platformasociala.comunaisverna.ro\/ro\/wp-json\/wp\/v2\/posts"}],"about":[{"href":"https:\/\/www.platformasociala.comunaisverna.ro\/ro\/wp-json\/wp\/v2\/types\/post"}],"author":[{"embeddable":true,"href":"https:\/\/www.platformasociala.comunaisverna.ro\/ro\/wp-json\/wp\/v2\/users\/1"}],"replies":[{"embeddable":true,"href":"https:\/\/www.platformasociala.comunaisverna.ro\/ro\/wp-json\/wp\/v2\/comments?post=384"}],"version-history":[{"count":1,"href":"https:\/\/www.platformasociala.comunaisverna.ro\/ro\/wp-json\/wp\/v2\/posts\/384\/revisions"}],"predecessor-version":[{"id":386,"href":"https:\/\/www.platformasociala.comunaisverna.ro\/ro\/wp-json\/wp\/v2\/posts\/384\/revisions\/386"}],"wp:attachment":[{"href":"https:\/\/www.platformasociala.comunaisverna.ro\/ro\/wp-json\/wp\/v2\/media?parent=384"}],"wp:term":[{"taxonomy":"category","embeddable":true,"href":"https:\/\/www.platformasociala.comunaisverna.ro\/ro\/wp-json\/wp\/v2\/categories?post=384"},{"taxonomy":"post_tag","embeddable":true,"href":"https:\/\/www.platformasociala.comunaisverna.ro\/ro\/wp-json\/wp\/v2\/tags?post=384"}],"curies":[{"name":"wp","href":"https:\/\/api.w.org\/{rel}","templated":true}]}}