{"id":329,"date":"2023-04-28T06:52:50","date_gmt":"2023-04-28T06:52:50","guid":{"rendered":"https:\/\/www.platformasociala.comunaisverna.ro\/?p=329"},"modified":"2023-04-28T06:52:50","modified_gmt":"2023-04-28T06:52:50","slug":"lista-elevi-program-after-scool-anul-scolar-2022-2023","status":"publish","type":"post","link":"https:\/\/www.platformasociala.comunaisverna.ro\/ro\/2023\/04\/28\/lista-elevi-program-after-scool-anul-scolar-2022-2023\/","title":{"rendered":"LIST\u0102 ELEVI PROGRAM AFTER SCOOL -ANUL \u0218COLAR 2022-2023"},"content":{"rendered":"<p>&nbsp;<\/p>\n<p><strong>Programul Operational Capital Uman 2014-2020<\/strong><\/p>\n<p><strong>Axa prioritara: 5 \u201eDezvoltare locala plasata sub responsabilitatea comunitatii\u201d<\/strong><\/p>\n<p><strong>Operatiunea: 5.2 \u201eReducerea numarului de comunitati marginalizate aflate in risc de saracie si excluziune sociala din zona rurala si orase cu o populatie de pana la 20.000 locuitori prin implementarea de masuri\/ operatiuni integrate in contextul mecanismului de DLRC.\u201d<\/strong><\/p>\n<p><strong>Denumire proiect: <\/strong>\u201e<strong>Implementarea de masuri integrate pentru combaterea excluziunii sociale si reducerea gradului de s\u0103r\u0103cie din comuna Isverna\u201d<\/strong><\/p>\n<p><strong>Denumire beneficiar: Comuna Isverna<\/strong><\/p>\n<p><strong>Cod SMIS: 140761<\/strong><\/p>\n<p><strong>Nr. contract finantare: 4855\/18.02.2021<\/strong><\/p>\n<p><strong>\u00a0<\/strong><\/p>\n<p><strong>LIST\u0102 ELEVI PROGRAM AFTER SCOOL -ANUL \u0218COLAR 2022-2023<\/strong><\/p>\n<p><strong>\u00a0<\/strong><\/p>\n<p>Din cadrul proiectului<strong> Implementarea de masuri integrate pentru combaterea excluziunii sociale si reducerea gradului de s\u0103r\u0103cie din comuna Isverna\u201d<\/strong><strong> Cod SMIS: 140761<\/strong><\/p>\n<p><strong>\u0218coala Gimnazial\u0103 ISVERNA<\/strong><\/p>\n<p>Perioada: Anul \u0219colar 2022-2023<\/p>\n<table>\n<tbody>\n<tr>\n<td width=\"96\"><strong>Nr. crt<\/strong><\/td>\n<td width=\"448\"><strong>Nume \u0219i prenume elev<\/strong><\/p>\n<p><strong>\u00a0<\/strong><\/td>\n<\/tr>\n<tr>\n<td width=\"96\"><strong>1.<\/strong><\/td>\n<td width=\"448\"><strong>BOCEA MARIA ISAURA<\/strong><\/td>\n<\/tr>\n<tr>\n<td width=\"96\"><strong>2.<\/strong><\/td>\n<td width=\"448\"><strong>BARBU VASILIC\u0102 GABRIEL<\/strong><\/td>\n<\/tr>\n<tr>\n<td width=\"96\"><strong>3.<\/strong><\/td>\n<td width=\"448\"><strong>CAZACU SOFIA MARIA<\/strong><\/td>\n<\/tr>\n<tr>\n<td width=\"96\"><strong>4.<\/strong><\/td>\n<td width=\"448\"><strong>DARAP SURDU ANASTASIA PATRISIA MIHAELA<\/strong><\/td>\n<\/tr>\n<tr>\n<td width=\"96\"><strong>5.<\/strong><\/td>\n<td width=\"448\"><strong>DOVLETE NICOLE MIHAELA<\/strong><\/td>\n<\/tr>\n<tr>\n<td width=\"96\"><strong>6.<\/strong><\/td>\n<td width=\"448\"><strong>DUTESCU SEBASTIAN VALENTIN<\/strong><\/td>\n<\/tr>\n<tr>\n<td width=\"96\"><strong>7.<\/strong><\/td>\n<td width=\"448\"><strong>DUTESCU FRANCESCA DARIA<\/strong><\/td>\n<\/tr>\n<tr>\n<td width=\"96\"><strong>8.<\/strong><\/td>\n<td width=\"448\"><strong>DRAGOI BRATILOVEANU IANIS ANDREI<\/strong><\/td>\n<\/tr>\n<tr>\n<td width=\"96\"><strong>9.<\/strong><\/td>\n<td width=\"448\"><strong>GROAP\u0102 DAVID CRISTIAN<\/strong><\/td>\n<\/tr>\n<tr>\n<td width=\"96\"><strong>10.<\/strong><\/td>\n<td width=\"448\"><strong>IORDACHE MARIO ADELIN CRISTIAN<\/strong><\/td>\n<\/tr>\n<tr>\n<td width=\"96\"><strong>11.<\/strong><\/td>\n<td width=\"448\"><strong>NEDELCU ANA-MARIA -DENISA<\/strong><\/td>\n<\/tr>\n<tr>\n<td width=\"96\"><strong>12.<\/strong><\/td>\n<td width=\"448\"><strong>MUSTAFA FLORIN<\/strong><\/td>\n<\/tr>\n<tr>\n<td width=\"96\"><strong>13.<\/strong><\/td>\n<td width=\"448\"><strong>PILAN ILIE<\/strong><\/td>\n<\/tr>\n<tr>\n<td width=\"96\"><strong>14.<\/strong><\/td>\n<td width=\"448\"><strong>R\u0102DUCAN ELENA MIHAELA<\/strong><\/td>\n<\/tr>\n<tr>\n<td width=\"96\"><strong>15.<\/strong><\/td>\n<td width=\"448\"><strong>R\u0102DUCAN ANCA ILARIA<\/strong><\/td>\n<\/tr>\n<tr>\n<td width=\"96\"><strong>16.<\/strong><\/td>\n<td width=\"448\"><strong>T\u00ceRF\u0102LOAG\u0102 OCTAVIAN<\/strong><\/td>\n<\/tr>\n<tr>\n<td width=\"96\"><strong>17.<\/strong><\/td>\n<td width=\"448\"><strong>TULEA COSTI MARIO<\/strong><\/td>\n<\/tr>\n<tr>\n<td width=\"96\"><strong>18.<\/strong><\/td>\n<td width=\"448\"><strong>VLASCEANU ANAIS ANAMARIA<\/strong><\/td>\n<\/tr>\n<tr>\n<td width=\"96\"><strong>19.<\/strong><\/td>\n<td width=\"448\"><strong>COSMA IONELA FLORINA<\/strong><\/td>\n<\/tr>\n<tr>\n<td width=\"96\"><strong>20.<\/strong><\/td>\n<td width=\"448\"><strong>CR\u0102CIUN IULIA ANI\u0218OARA<\/strong><\/td>\n<\/tr>\n<tr>\n<td width=\"96\"><strong>21.<\/strong><\/td>\n<td width=\"448\"><strong>DOVLETE GABRIEL NICOLAS<\/strong><\/td>\n<\/tr>\n<tr>\n<td width=\"96\"><strong>22.<\/strong><\/td>\n<td width=\"448\"><strong>MISCHIE BOJIN ANDRADA<\/strong><\/td>\n<\/tr>\n<tr>\n<td width=\"96\"><strong>23.<\/strong><\/td>\n<td width=\"448\"><strong>NEGOMIREANU DAVID CRISTIAN<\/strong><\/td>\n<\/tr>\n<tr>\n<td width=\"96\"><strong>24.<\/strong><\/td>\n<td width=\"448\"><strong>PERCA MOISE RAFAEL<\/strong><\/td>\n<\/tr>\n<tr>\n<td width=\"96\"><strong>25.<\/strong><\/td>\n<td width=\"448\"><strong>BUZATU ANDREIAS EDUARD<\/strong><\/td>\n<\/tr>\n<tr>\n<td width=\"96\"><strong>26.<\/strong><\/td>\n<td width=\"448\"><strong>DUTESCU\u00a0 IASMINA RALUCA<\/strong><\/td>\n<\/tr>\n<tr>\n<td width=\"96\"><strong>27.<\/strong><\/td>\n<td width=\"448\"><strong>PERCA EMANUEL DAVID<\/strong><\/td>\n<\/tr>\n<tr>\n<td width=\"96\"><strong>28.<\/strong><\/td>\n<td width=\"448\"><strong>\u0218TEFAN IZABELA IONELA VENESA<\/strong><\/td>\n<\/tr>\n<tr>\n<td width=\"96\"><strong>29.<\/strong><\/td>\n<td width=\"448\"><strong>STOIAN VASILIC\u0102 MIHAI\u021a\u0102<\/strong><\/td>\n<\/tr>\n<tr>\n<td width=\"96\"><strong>30.<\/strong><\/td>\n<td width=\"448\"><strong>BOCEA IONELA IRAIDA NICOLETA<\/strong><\/td>\n<\/tr>\n<tr>\n<td width=\"96\"><strong>31.<\/strong><\/td>\n<td width=\"448\"><strong>DRUC\u0102 GRIGORE DARIUS<\/strong><\/td>\n<\/tr>\n<tr>\n<td width=\"96\"><strong>32.<\/strong><\/td>\n<td width=\"448\"><strong>PLOSCARU ALIN IONU\u021a<\/strong><\/td>\n<\/tr>\n<tr>\n<td width=\"96\"><strong>33.<\/strong><\/td>\n<td width=\"448\"><strong>PLOSCARU MARIAN DANIEL<\/strong><\/td>\n<\/tr>\n<tr>\n<td width=\"96\"><strong>34.<\/strong><\/td>\n<td width=\"448\"><strong>R\u0102DUCAN CLAUDIU CONSTANTIN<\/strong><\/td>\n<\/tr>\n<tr>\n<td width=\"96\"><strong>35.<\/strong><\/td>\n<td width=\"448\"><strong>DARAP ANA DEBORA<\/strong><\/td>\n<\/tr>\n<tr>\n<td width=\"96\"><strong>36.<\/strong><\/td>\n<td width=\"448\"><strong>DUTESCU RAUL ADRIAN<\/strong><\/td>\n<\/tr>\n<tr>\n<td width=\"96\"><strong>37.<\/strong><\/td>\n<td width=\"448\"><strong>PETRARU MIHAELA<\/strong><\/td>\n<\/tr>\n<tr>\n<td width=\"96\"><strong>38.<\/strong><\/td>\n<td width=\"448\"><strong>STOIAN MARIA MIHAELA<\/strong><\/td>\n<\/tr>\n<tr>\n<td width=\"96\"><strong>39.<\/strong><\/td>\n<td width=\"448\"><strong>BR\u00ceNDU\u0218OIU DARIUS MIHAI<\/strong><\/td>\n<\/tr>\n<tr>\n<td width=\"96\"><strong>40.<\/strong><\/td>\n<td width=\"448\"><strong>DUMITRIC\u0102 ANDREI CLAUDIU<\/strong><\/td>\n<\/tr>\n<tr>\n<td width=\"96\"><strong>41.<\/strong><\/td>\n<td width=\"448\"><strong>JARCU KARINA MARINA<\/strong><\/td>\n<\/tr>\n<tr>\n<td width=\"96\"><strong>42.<\/strong><\/td>\n<td width=\"448\"><strong>JARCU NICOLETA\u00a0 MIRUNA<\/strong><\/td>\n<\/tr>\n<tr>\n<td width=\"96\"><strong>43.<\/strong><\/td>\n<td width=\"448\"><strong>LASCHESCU DAVID<\/strong><\/td>\n<\/tr>\n<tr>\n<td width=\"96\"><strong>44.<\/strong><\/td>\n<td width=\"448\"><strong>MO\u0218NEANU GEORGE NICOLAE<\/strong><\/td>\n<\/tr>\n<tr>\n<td width=\"96\"><strong>45.<\/strong><\/td>\n<td width=\"448\"><strong>PERNEAC LIA FLORINA<\/strong><\/td>\n<\/tr>\n<tr>\n<td width=\"96\"><strong>46.<\/strong><\/td>\n<td width=\"448\"><strong>ROGOBETE INNA FLAVIANA<\/strong><\/td>\n<\/tr>\n<tr>\n<td width=\"96\"><strong>47.<\/strong><\/td>\n<td width=\"448\"><strong>SURDU ANDREEA EMANUELA<\/strong><\/td>\n<\/tr>\n<tr>\n<td width=\"96\"><strong>48.<\/strong><\/td>\n<td width=\"448\"><strong>BARBU GEORGIANA LACRIMIOARA<\/strong><\/td>\n<\/tr>\n<tr>\n<td width=\"96\"><strong>49.<\/strong><\/td>\n<td width=\"448\"><strong>BERBEC ADELIN ILIE<\/strong><\/td>\n<\/tr>\n<tr>\n<td width=\"96\"><strong>50.<\/strong><\/td>\n<td width=\"448\"><strong>BLOJU ANDREEA MIHAELA<\/strong><\/td>\n<\/tr>\n<tr>\n<td width=\"96\"><strong>51.<\/strong><\/td>\n<td width=\"448\"><strong>DARAP EMANUELA RUT<\/strong><\/td>\n<\/tr>\n<tr>\n<td width=\"96\"><strong>52.<\/strong><\/td>\n<td width=\"448\"><strong>FILIP \u0218TEFANIA GABRIELA<\/strong><\/td>\n<\/tr>\n<tr>\n<td width=\"96\"><strong>53.<\/strong><\/td>\n<td width=\"448\"><strong>FREN\u021aI VALENTINA MARINELA<\/strong><\/td>\n<\/tr>\n<tr>\n<td width=\"96\"><strong>54.<\/strong><\/td>\n<td width=\"448\"><strong>OSAIN COSMINA MARIA STEFANIA<\/strong><\/td>\n<\/tr>\n<tr>\n<td width=\"96\"><strong>55.<\/strong><\/td>\n<td width=\"448\"><strong>POPESCU DANIELA<\/strong><\/td>\n<\/tr>\n<tr>\n<td width=\"96\"><strong>56.<\/strong><\/td>\n<td width=\"448\"><strong>RAEA IONU\u021a MARIUS<\/strong><\/td>\n<\/tr>\n<tr>\n<td width=\"96\"><strong>57.<\/strong><\/td>\n<td width=\"448\"><strong>STOICA MELISA RUXANDRA<\/strong><\/td>\n<\/tr>\n<tr>\n<td width=\"96\"><strong>58.<\/strong><\/td>\n<td width=\"448\"><strong>SURDEI MIHAI PETRI\u0218OR<\/strong><\/td>\n<\/tr>\n<tr>\n<td width=\"96\"><strong>59.<\/strong><\/td>\n<td width=\"448\"><strong>\u021aIRLUI IONELA GEORGIANA<\/strong><\/td>\n<\/tr>\n<tr>\n<td width=\"96\"><strong>60.<\/strong><\/td>\n<td width=\"448\"><strong>CAZACU DARIA<\/strong><\/td>\n<\/tr>\n<\/tbody>\n<\/table>\n<p><strong>\u00a0<\/strong><\/p>\n<p><strong>\u00centocmit:<\/strong><\/p>\n<p><strong>STOICAN VIRGINIA<\/strong><\/p>\n<p><strong>\u00a0<\/strong><\/p>","protected":false},"excerpt":{"rendered":"<p>&nbsp; Programul Operational Capital Uman 2014-2020 Axa prioritara: 5 \u201eDezvoltare locala plasata sub responsabilitatea comunitatii\u201d Operatiunea: 5.2 \u201eReducerea numarului de comunitati marginalizate aflate in risc de saracie si excluziune sociala din zona rurala si orase cu o populatie de pana la 20.000 locuitori prin implementarea de masuri\/ operatiuni integrate in contextul mecanismului de DLRC.\u201d Denumire [&hellip;]<\/p>","protected":false},"author":1,"featured_media":311,"comment_status":"open","ping_status":"open","sticky":false,"template":"","format":"standard","meta":{"_bbp_topic_count":0,"_bbp_reply_count":0,"_bbp_total_topic_count":0,"_bbp_total_reply_count":0,"_bbp_voice_count":0,"_bbp_anonymous_reply_count":0,"_bbp_topic_count_hidden":0,"_bbp_reply_count_hidden":0,"_bbp_forum_subforum_count":0,"footnotes":""},"categories":[4],"tags":[],"class_list":["post-329","post","type-post","status-publish","format-standard","has-post-thumbnail","hentry","category-anunturi"],"_links":{"self":[{"href":"https:\/\/www.platformasociala.comunaisverna.ro\/ro\/wp-json\/wp\/v2\/posts\/329","targetHints":{"allow":["GET"]}}],"collection":[{"href":"https:\/\/www.platformasociala.comunaisverna.ro\/ro\/wp-json\/wp\/v2\/posts"}],"about":[{"href":"https:\/\/www.platformasociala.comunaisverna.ro\/ro\/wp-json\/wp\/v2\/types\/post"}],"author":[{"embeddable":true,"href":"https:\/\/www.platformasociala.comunaisverna.ro\/ro\/wp-json\/wp\/v2\/users\/1"}],"replies":[{"embeddable":true,"href":"https:\/\/www.platformasociala.comunaisverna.ro\/ro\/wp-json\/wp\/v2\/comments?post=329"}],"version-history":[{"count":1,"href":"https:\/\/www.platformasociala.comunaisverna.ro\/ro\/wp-json\/wp\/v2\/posts\/329\/revisions"}],"predecessor-version":[{"id":330,"href":"https:\/\/www.platformasociala.comunaisverna.ro\/ro\/wp-json\/wp\/v2\/posts\/329\/revisions\/330"}],"wp:featuredmedia":[{"embeddable":true,"href":"https:\/\/www.platformasociala.comunaisverna.ro\/ro\/wp-json\/wp\/v2\/media\/311"}],"wp:attachment":[{"href":"https:\/\/www.platformasociala.comunaisverna.ro\/ro\/wp-json\/wp\/v2\/media?parent=329"}],"wp:term":[{"taxonomy":"category","embeddable":true,"href":"https:\/\/www.platformasociala.comunaisverna.ro\/ro\/wp-json\/wp\/v2\/categories?post=329"},{"taxonomy":"post_tag","embeddable":true,"href":"https:\/\/www.platformasociala.comunaisverna.ro\/ro\/wp-json\/wp\/v2\/tags?post=329"}],"curies":[{"name":"wp","href":"https:\/\/api.w.org\/{rel}","templated":true}]}}