{"id":140,"date":"2022-08-21T06:16:14","date_gmt":"2022-08-21T06:16:14","guid":{"rendered":"https:\/\/www.platformasociala.comunaisverna.ro\/?p=140"},"modified":"2022-08-21T06:16:14","modified_gmt":"2022-08-21T06:16:14","slug":"fondul-de-ajutor-european-pentru-cele-mai-defavorizate-persoane-fead","status":"publish","type":"post","link":"https:\/\/www.platformasociala.comunaisverna.ro\/ro\/2022\/08\/21\/fondul-de-ajutor-european-pentru-cele-mai-defavorizate-persoane-fead\/","title":{"rendered":"Fondul de ajutor european pentru cele mai defavorizate persoane (FEAD)"},"content":{"rendered":"<p class=\"ecl-paragraph\">Fondul de ajutor european destinat celor mai defavorizate persoane (FEAD) sprijin\u0103 ac\u021biunile statelor membre menite s\u0103 ofere\u00a0<strong>alimente \u0219i\/sau asisten\u021b\u0103 material\u0103 de baz\u0103 celor mai s\u0103race categorii ale popula\u021biei<\/strong>.<\/p>\n<p class=\"ecl-paragraph\">\u00cen afar\u0103 de alimente, asisten\u021ba acordat\u0103 include \u00eembr\u0103c\u0103minte \u0219i alte articole esen\u021biale pentru uz personal, de exemplu, \u00eenc\u0103l\u021b\u0103minte, s\u0103punuri \u0219i \u0219ampon.<\/p>\n<p class=\"ecl-paragraph\">Asisten\u021ba material\u0103 trebuie s\u0103 mearg\u0103 m\u00e2n\u0103 \u00een m\u00e2n\u0103 cu\u00a0<strong>m\u0103surile de incluziune social\u0103<\/strong>, \u00een special cu serviciile de consiliere \u0219i sprijin care \u00ee\u0219i propun s\u0103 ajute persoanele afectate s\u0103 ias\u0103 din s\u0103r\u0103cie.<\/p>\n<p class=\"ecl-paragraph\">Autorit\u0103\u021bile na\u021bionale pot sprijini, de asemenea, acordarea de\u00a0<strong>asisten\u021b\u0103 nematerial\u0103<\/strong>\u00a0celor mai defavorizate persoane, pentru a le ajuta s\u0103 se integreze mai bine \u00een societate.<\/p>\n<p class=\"ecl-paragraph\">FEAD va ajuta persoanele defavorizate s\u0103 fac\u0103 primii pa\u0219i pentru a sc\u0103pa de s\u0103r\u0103cie \u0219i excluziune social\u0103.<\/p>\n<p class=\"ecl-paragraph\">Fondul va contribui la satisfacerea celor mai elementare nevoi ale acestor persoane, o condi\u021bie esen\u021bial\u0103 pentru a le permite s\u0103 ob\u021bin\u0103 un loc de munc\u0103 sau s\u0103 urmeze un curs de formare, precum cele sprijinite prin\u00a0<a class=\"ecl-link\" href=\"https:\/\/ec.europa.eu\/esf\/home.jsp?langId=ro\">Fondul Social European (FSE)<\/a>.<\/p>\n<p class=\"ecl-paragraph\"><a class=\"ecl-link\" href=\"https:\/\/ec.europa.eu\/social\/BlobServlet?docId=22709&amp;langId=en\">Prezentare grafic\u0103 a programului FEAD \u0219i a principalelor sale date \u0219i cifre<\/a>\u00a0(\u00een limba englez\u0103)<\/p>\n<h2 class=\"ecl-heading ecl-heading--h2\">Atenuarea impactului social al crizei provocate de coronavirus<\/h2>\n<p class=\"ecl-paragraph\">\u00cen mai 2020, Comisia a propus\u00a0<a class=\"ecl-link\" href=\"https:\/\/ec.europa.eu\/social\/main.jsp?langId=ro&amp;catId=89&amp;newsId=9690&amp;furtherNews=yes\">noi modific\u0103ri ale Regulamentului privind dispozi\u021biile comune \u0219i ale Regulamentului FEAD<\/a>, ca r\u0103spuns la epidemia de COVID-19 \u0219i la nevoile tot mai mari. Aceste modific\u0103ri m\u0103resc fondurile disponibile pentru FEAD \u00een anii 2020, 2021 \u0219i 2022, ca parte a major\u0103rii resurselor alocate politicii de coeziune \u00een cadrul\u00a0<strong>bugetului UE pentru perioada 2014-2020<\/strong>.<\/p>\n<p class=\"ecl-paragraph\">\u00cen aprilie 2020, Comisia luase deja\u00a0<a class=\"ecl-link\" href=\"https:\/\/ec.europa.eu\/social\/main.jsp?langId=ro&amp;catId=89&amp;newsId=9638&amp;furtherNews=yes\">ini\u021biativa de a modifica FEAD<\/a>, ca\u00a0parte a pachetului de m\u0103suri intitulat\u00a0<a class=\"ecl-link\" href=\"https:\/\/ec.europa.eu\/commission\/presscorner\/detail\/ro\/qanda_20_574\">Ini\u021biativa plus pentru investi\u021bii ca reac\u021bie la coronavirus (CRII+)<\/a>. Respectivul pachet a acordat mai mult\u0103 flexibilitate \u0219i lichiditate statelor membre.<\/p>\n<h2 class=\"ecl-heading ecl-heading--h2\">Cum func\u021bioneaz\u0103 FEAD?<\/h2>\n<p class=\"ecl-paragraph\"><strong>Comisia<\/strong>\u00a0aprob\u0103 programele na\u021bionale pentru 2014-2020, pe baza c\u0103rora\u00a0<strong>autorit\u0103\u021bile na\u021bionale<\/strong>\u00a0iau deciziile cu privire la acordarea asisten\u021bei prin intermediul\u00a0<strong>organiza\u021biilor partenere<\/strong>\u00a0(de cele mai multe ori, organiza\u021bii neguvernamentale). O metod\u0103 similar\u0103 este deja utilizat\u0103 \u00een cazul fondurilor de coeziune.<\/p>\n<p class=\"ecl-paragraph\">\u00cen func\u021bie de propria lor situa\u021bie, \u021b\u0103rile UE aleg tipul de asisten\u021b\u0103 pe care doresc s\u0103 \u00eel furnizeze (alimente, sprijin material sau o combina\u021bie a celor dou\u0103) \u0219i stabilesc modul \u00een care sunt ob\u021binute \u0219i distribuite ajutoarele.<\/p>\n<p class=\"ecl-paragraph\">Autorit\u0103\u021bile na\u021bionale pot achizi\u021biona ele \u00eensele alimente \u0219i bunuri pe care le pun apoi la dispozi\u021bia organiza\u021biilor partenere sau pot finan\u021ba aceste organiza\u021bii pentru a le permite s\u0103 se ocupe singure de achizi\u021bii. Organiza\u021biile partenere care cump\u0103r\u0103 alimente \u0219i bunuri le pot distribui direct sau pot solicita sprijin din partea altor organiza\u021bii partenere.<\/p>\n<p class=\"ecl-paragraph\">Organiza\u021biile partenere sunt\u00a0<strong>organisme publice<\/strong>\u00a0sau\u00a0<strong>organiza\u021bii neguvernamentale<\/strong>\u00a0pe care autorit\u0103\u021bile na\u021bionale le selecteaz\u0103 pe baza unor\u00a0<strong>criterii obiective \u0219i transparente<\/strong>\u00a0definite la nivel na\u021bional.<\/p>\n<p class=\"ecl-paragraph\">Un rezumat privind punerea \u00een aplicare la nivel na\u021bional poate fi g\u0103sit \u00een\u00a0<a class=\"ecl-link\" href=\"https:\/\/ec.europa.eu\/social\/main.jsp?catId=1239&amp;langId=ro\">fi\u0219ele FEAD specifice fiec\u0103rei \u021b\u0103ri<\/a>.<\/p>\n<h2 class=\"ecl-heading ecl-heading--h2\">Ce fonduri sunt disponibile?<\/h2>\n<p class=\"ecl-paragraph\">\u00cen termeni reali,\u00a0<strong>\u00een perioada 2014-2020<\/strong>, FEAD a alocat\u00a0<strong>peste 3,8 miliarde EUR<\/strong>.<\/p>\n<p class=\"ecl-paragraph\">\u00cen plus, \u021b\u0103rile UE trebuie s\u0103 contribuie cu o\u00a0<strong>cofinan\u021bare de cel pu\u021bin 15 %<\/strong>\u00a0la programul lor na\u021bional.<\/p>\n<h2 class=\"ecl-heading ecl-heading--h2\">Care este temeiul juridic?<\/h2>\n<p class=\"ecl-paragraph\"><a class=\"ecl-link\" href=\"https:\/\/eur-lex.europa.eu\/LexUriServ\/LexUriServ.do?uri=OJ:L:2014:072:0001:0041:RO:PDF\">Regulamentul FEAD<\/a>\u00a0a fost adoptat \u00een 2014. \u00cen 2018 a fost modificat, aduc\u00e2ndu-i-se o serie de simplific\u0103ri (<a class=\"ecl-link\" href=\"https:\/\/eur-lex.europa.eu\/legal-content\/RO\/TXT\/?uri=CELEX%3A02014R0223-20200425\">consulta\u021bi versiunea consolidat\u0103<\/a>). Toate\u00a0<a class=\"ecl-link\" href=\"https:\/\/ec.europa.eu\/social\/main.jsp?advSearchKey=feadlegalbasis&amp;mode=advancedSubmit&amp;catId=1307&amp;doc_submit=&amp;policyArea=0&amp;policyAreaSub=0&amp;year=0&amp;langId=ro\">actele de punere \u00een aplicare \u0219i actele delegate<\/a>\u00a0au fost adoptate la sf\u00e2r\u0219itul lui 2016.<\/p>\n<p class=\"ecl-paragraph\">\u00cen aprilie 2020, au intrat \u00een vigoare\u00a0<a class=\"ecl-link\" href=\"https:\/\/eur-lex.europa.eu\/legal-content\/RO\/TXT\/?uri=uriserv%3AOJ.L_.2020.130.01.0007.01.RON\">noi modific\u0103ri<\/a>, prin care au fost introduse m\u0103suri specifice pentru combaterea crizei cauzate de COVID-19.<\/p>\n<p class=\"ecl-paragraph\">\u00cen februarie 2021, Regulamentul FEAD\u00a0<a class=\"ecl-link\" href=\"https:\/\/eur-lex.europa.eu\/legal-content\/RO\/TXT\/?uri=CELEX:02014R0223-20210217\">a fost modificat<\/a>\u00a0pentru a se garanta faptul c\u0103 Fondul poate fi consolidat prin transferuri financiare din REACT-EU, ca r\u0103spuns la criza provocat\u0103 de pandemia de COVID-19.<\/p>\n<h2 class=\"ecl-heading ecl-heading--h2\">Comunitatea FEAD<\/h2>\n<p class=\"ecl-paragraph\">Creat\u0103 \u00een 2016, Comunitatea FEAD este o re\u021bea deschis\u0103 pentru persoanele care ofer\u0103 asisten\u021b\u0103 categoriilor defavorizate ale popula\u021biei din Europa. Aceasta cuprinde:<\/p>\n<ul class=\"ecl-list\">\n<li>autorit\u0103\u021bile na\u021bionale de gestionare a FEAD<\/li>\n<li>organiza\u021biile care desf\u0103\u0219oar\u0103 sau inten\u021bioneaz\u0103 s\u0103 desf\u0103\u0219oare activit\u0103\u021bi finan\u021bate \u00een cadrul FEAD<\/li>\n<li>ONG-uri de la nivelul UE<\/li>\n<li>institu\u021biile UE.<\/li>\n<\/ul>\n<p class=\"ecl-paragraph\">Re\u021beaua FEAD este un spa\u021biu care permite schimbul de bune practici \u0219i \u00eencurajeaz\u0103 ideile noi.<\/p>\n<p class=\"ecl-paragraph\">Afla\u021bi mai multe despre\u00a0<a class=\"ecl-link\" href=\"https:\/\/ec.europa.eu\/social\/main.jsp?catId=1207&amp;langId=ro\">Comunitatea FEAD<\/a>\u00a0\u0219i\u00a0<a class=\"ecl-link\" href=\"https:\/\/ec.europa.eu\/social\/main.jsp?catId=1207&amp;langId=ro&amp;furtherNews=yes\">activit\u0103\u021bile sale<\/a>.<\/p>\n<h2 class=\"ecl-heading ecl-heading--h2\"><a id=\"eval\" class=\"ecl-link\" name=\"eval\"><\/a>Monitorizarea \u0219i evaluarea FEAD<\/h2>\n<p class=\"ecl-paragraph\">Comisia \u0219i statele membre\u00a0<strong>\u00ee\u0219i \u00eempart responsabilitatea evalu\u0103rii<\/strong>\u00a0Fondului de ajutor european destinat celor mai defavorizate persoane. Autorit\u0103\u021bile de management efectueaz\u0103 evalu\u0103ri la nivel de stat membru, \u00een timp ce\u00a0<a class=\"ecl-link\" href=\"https:\/\/ec.europa.eu\/social\/main.jsp?langId=ro&amp;catId=1089&amp;furtherNews=yes&amp;newsId=9331\">Comisia face acest lucru la nivelul UE<\/a>.<\/p>\n<p class=\"ecl-paragraph\">Evalu\u0103rile se bazeaz\u0103 pe\u00a0<strong>date coerente, comparabile \u0219i de calitate<\/strong>\u00a0colectate de autorit\u0103\u021bile na\u021bionale. Datele sunt utilizate, de asemenea, pentru a verifica dac\u0103 programele dau rezultatele scontate.\u00a0<a class=\"ecl-link\" href=\"https:\/\/circabc.europa.eu\/w\/browse\/03559fb4-753f-412e-b0dc-7241eefe2a32\">Orient\u0103rile Comisiei privind monitorizarea \u0219i evaluarea<\/a>\u00a0sprijin\u0103 activitatea autorit\u0103\u021bilor de management \u00een acest domeniu.<\/p>\n<p class=\"ecl-paragraph\">Comisia raporteaz\u0103 rezultatele de la nivelul UE Parlamentului European \u0219i Consiliului, \u00een rapoartele anuale de sintez\u0103:<\/p>\n<ul class=\"ecl-list\">\n<li><a class=\"ecl-link\" href=\"https:\/\/ec.europa.eu\/social\/BlobServlet?docId=24798&amp;langId=ro\">Rezumat al rapoartelor anuale de implementare pentru programele opera\u021bionale cofinan\u021bate prin Fondul de ajutor european destinat celor mai defavorizate persoane \u00een 2019<\/a><\/li>\n<\/ul>\n<h2 class=\"ecl-heading ecl-heading--h2\">Studii de caz: FEAD<\/h2>\n<p class=\"ecl-paragraph\">Aceste cataloage prezint\u0103 pe scurt ini\u021biativele finan\u021bate prin FEAD \u00een \u00eentreaga UE. \u00cen acela\u0219i timp, arat\u0103 cum astfel de ini\u021biative pot veni \u00een completarea altor programe finan\u021bate de UE, de exemplu Fondul social european:<\/p>\n<ul class=\"ecl-list\">\n<li><a class=\"ecl-link\" href=\"https:\/\/ec.europa.eu\/social\/BlobServlet?docId=25143&amp;langId=en\">Ultima edi\u021bie \u2013 2021<\/a><\/li>\n<li><a class=\"ecl-link\" href=\"https:\/\/ec.europa.eu\/social\/main.jsp?advSearchKey=feadcatalogues&amp;mode=advancedSubmit&amp;catId=22&amp;doc_submit=&amp;policyArea=0&amp;policyAreaSub=0&amp;country=0&amp;year=0&amp;langId=ro#navItem-1\">Edi\u021biile anterioare<\/a><\/li>\n<\/ul>","protected":false},"excerpt":{"rendered":"<p>Fondul de ajutor european destinat celor mai defavorizate persoane (FEAD) sprijin\u0103 ac\u021biunile statelor membre menite s\u0103 ofere\u00a0alimente \u0219i\/sau asisten\u021b\u0103 material\u0103 de baz\u0103 celor mai s\u0103race categorii ale popula\u021biei. \u00cen afar\u0103 de alimente, asisten\u021ba acordat\u0103 include \u00eembr\u0103c\u0103minte \u0219i alte articole esen\u021biale pentru uz personal, de exemplu, \u00eenc\u0103l\u021b\u0103minte, s\u0103punuri \u0219i \u0219ampon. Asisten\u021ba material\u0103 trebuie s\u0103 mearg\u0103 m\u00e2n\u0103 [&hellip;]<\/p>","protected":false},"author":1,"featured_media":141,"comment_status":"open","ping_status":"open","sticky":false,"template":"","format":"standard","meta":{"_bbp_topic_count":0,"_bbp_reply_count":0,"_bbp_total_topic_count":0,"_bbp_total_reply_count":0,"_bbp_voice_count":0,"_bbp_anonymous_reply_count":0,"_bbp_topic_count_hidden":0,"_bbp_reply_count_hidden":0,"_bbp_forum_subforum_count":0,"footnotes":""},"categories":[4],"tags":[],"class_list":["post-140","post","type-post","status-publish","format-standard","has-post-thumbnail","hentry","category-anunturi"],"_links":{"self":[{"href":"https:\/\/www.platformasociala.comunaisverna.ro\/ro\/wp-json\/wp\/v2\/posts\/140","targetHints":{"allow":["GET"]}}],"collection":[{"href":"https:\/\/www.platformasociala.comunaisverna.ro\/ro\/wp-json\/wp\/v2\/posts"}],"about":[{"href":"https:\/\/www.platformasociala.comunaisverna.ro\/ro\/wp-json\/wp\/v2\/types\/post"}],"author":[{"embeddable":true,"href":"https:\/\/www.platformasociala.comunaisverna.ro\/ro\/wp-json\/wp\/v2\/users\/1"}],"replies":[{"embeddable":true,"href":"https:\/\/www.platformasociala.comunaisverna.ro\/ro\/wp-json\/wp\/v2\/comments?post=140"}],"version-history":[{"count":1,"href":"https:\/\/www.platformasociala.comunaisverna.ro\/ro\/wp-json\/wp\/v2\/posts\/140\/revisions"}],"predecessor-version":[{"id":142,"href":"https:\/\/www.platformasociala.comunaisverna.ro\/ro\/wp-json\/wp\/v2\/posts\/140\/revisions\/142"}],"wp:featuredmedia":[{"embeddable":true,"href":"https:\/\/www.platformasociala.comunaisverna.ro\/ro\/wp-json\/wp\/v2\/media\/141"}],"wp:attachment":[{"href":"https:\/\/www.platformasociala.comunaisverna.ro\/ro\/wp-json\/wp\/v2\/media?parent=140"}],"wp:term":[{"taxonomy":"category","embeddable":true,"href":"https:\/\/www.platformasociala.comunaisverna.ro\/ro\/wp-json\/wp\/v2\/categories?post=140"},{"taxonomy":"post_tag","embeddable":true,"href":"https:\/\/www.platformasociala.comunaisverna.ro\/ro\/wp-json\/wp\/v2\/tags?post=140"}],"curies":[{"name":"wp","href":"https:\/\/api.w.org\/{rel}","templated":true}]}}