{"id":137,"date":"2022-08-21T06:15:46","date_gmt":"2022-08-21T06:15:46","guid":{"rendered":"https:\/\/www.platformasociala.comunaisverna.ro\/?p=137"},"modified":"2022-08-21T06:15:46","modified_gmt":"2022-08-21T06:15:46","slug":"ce-este-incluziunea-sociala","status":"publish","type":"post","link":"https:\/\/www.platformasociala.comunaisverna.ro\/ro\/2022\/08\/21\/ce-este-incluziunea-sociala\/","title":{"rendered":"Ce este incluziunea social\u0103?"},"content":{"rendered":"<p>Ce este incluziunea social\u0103?<\/p>\n<p>\u201eProcesul de incluziune social\u0103 reprezint\u0103 ansamblul de m\u0103suri \u015fi ac\u0163iuni multidimensionale din domeniile protec\u0163iei sociale, ocup\u0103rii for\u0163ei de munc\u0103, locuirii, educa\u0163iei, s\u0103n\u0103t\u0103\u0163ii, inform\u0103rii-comunic\u0103rii, mobilit\u0103\u0163ii, securit\u0103\u0163ii, justi\u0163iei \u015fi culturii, destinate combaterii excluziunii sociale \u015fi asigur\u0103rii particip\u0103rii active a persoanelor la toate aspectele economice, sociale, culturale \u015fi politice ale societ\u0103\u0163ii. (conform art. 6 lit. cc) din Legea nr. 292\/2011 \u2013 Legea asisten\u0163ei sociale)\u201d<\/p>\n<p>Text preluat de pe www.mmuncii.ro<\/p>","protected":false},"excerpt":{"rendered":"<p>Ce este incluziunea social\u0103? \u201eProcesul de incluziune social\u0103 reprezint\u0103 ansamblul de m\u0103suri \u015fi ac\u0163iuni multidimensionale din domeniile protec\u0163iei sociale, ocup\u0103rii for\u0163ei de munc\u0103, locuirii, educa\u0163iei, s\u0103n\u0103t\u0103\u0163ii, inform\u0103rii-comunic\u0103rii, mobilit\u0103\u0163ii, securit\u0103\u0163ii, justi\u0163iei \u015fi culturii, destinate combaterii excluziunii sociale \u015fi asigur\u0103rii particip\u0103rii active a persoanelor la toate aspectele economice, sociale, culturale \u015fi politice ale societ\u0103\u0163ii. (conform art. 6 [&hellip;]<\/p>","protected":false},"author":1,"featured_media":138,"comment_status":"open","ping_status":"open","sticky":false,"template":"","format":"standard","meta":{"_bbp_topic_count":0,"_bbp_reply_count":0,"_bbp_total_topic_count":0,"_bbp_total_reply_count":0,"_bbp_voice_count":0,"_bbp_anonymous_reply_count":0,"_bbp_topic_count_hidden":0,"_bbp_reply_count_hidden":0,"_bbp_forum_subforum_count":0,"footnotes":""},"categories":[4],"tags":[],"class_list":["post-137","post","type-post","status-publish","format-standard","has-post-thumbnail","hentry","category-anunturi"],"_links":{"self":[{"href":"https:\/\/www.platformasociala.comunaisverna.ro\/ro\/wp-json\/wp\/v2\/posts\/137","targetHints":{"allow":["GET"]}}],"collection":[{"href":"https:\/\/www.platformasociala.comunaisverna.ro\/ro\/wp-json\/wp\/v2\/posts"}],"about":[{"href":"https:\/\/www.platformasociala.comunaisverna.ro\/ro\/wp-json\/wp\/v2\/types\/post"}],"author":[{"embeddable":true,"href":"https:\/\/www.platformasociala.comunaisverna.ro\/ro\/wp-json\/wp\/v2\/users\/1"}],"replies":[{"embeddable":true,"href":"https:\/\/www.platformasociala.comunaisverna.ro\/ro\/wp-json\/wp\/v2\/comments?post=137"}],"version-history":[{"count":1,"href":"https:\/\/www.platformasociala.comunaisverna.ro\/ro\/wp-json\/wp\/v2\/posts\/137\/revisions"}],"predecessor-version":[{"id":139,"href":"https:\/\/www.platformasociala.comunaisverna.ro\/ro\/wp-json\/wp\/v2\/posts\/137\/revisions\/139"}],"wp:featuredmedia":[{"embeddable":true,"href":"https:\/\/www.platformasociala.comunaisverna.ro\/ro\/wp-json\/wp\/v2\/media\/138"}],"wp:attachment":[{"href":"https:\/\/www.platformasociala.comunaisverna.ro\/ro\/wp-json\/wp\/v2\/media?parent=137"}],"wp:term":[{"taxonomy":"category","embeddable":true,"href":"https:\/\/www.platformasociala.comunaisverna.ro\/ro\/wp-json\/wp\/v2\/categories?post=137"},{"taxonomy":"post_tag","embeddable":true,"href":"https:\/\/www.platformasociala.comunaisverna.ro\/ro\/wp-json\/wp\/v2\/tags?post=137"}],"curies":[{"name":"wp","href":"https:\/\/api.w.org\/{rel}","templated":true}]}}