{"id":134,"date":"2022-08-21T06:14:57","date_gmt":"2022-08-21T06:14:57","guid":{"rendered":"https:\/\/www.platformasociala.comunaisverna.ro\/?p=134"},"modified":"2022-08-21T06:16:38","modified_gmt":"2022-08-21T06:16:38","slug":"fondul-european-de-ajustare-la-globalizare-pentru-lucratorii-disponibilizati-feg","status":"publish","type":"post","link":"https:\/\/www.platformasociala.comunaisverna.ro\/ro\/2022\/08\/21\/fondul-european-de-ajustare-la-globalizare-pentru-lucratorii-disponibilizati-feg\/","title":{"rendered":"Fondul European de Ajustare la Globalizare pentru lucr\u0103torii disponibiliza\u021bi (FEG)"},"content":{"rendered":"<p class=\"ecl-paragraph\">Fondul european de ajustare la globalizare pentru lucr\u0103torii disponibiliza\u021bi (FEG) este un instrument special care \u00eei permite Uniunii s\u0103 manifeste solidaritate fa\u021b\u0103 de angaja\u021bii\/lucr\u0103torii independen\u021bi care \u00ee\u0219i pierd locurile de munc\u0103 din cauza restructur\u0103rilor, ajut\u00e2ndu-i s\u0103 \u00ee\u0219i g\u0103seasc\u0103 altele noi.<\/p>\n<p class=\"ecl-paragraph\">FEG contribuie la crearea unei economii europene mai dinamice \u0219i mai competitive prin \u00eembun\u0103t\u0103\u021birea competen\u021belor \u0219i a capacit\u0103\u021bii de inser\u021bie profesional\u0103 a persoanelor disponibilizate, pentru a le ajuta s\u0103 \u00ee\u0219i g\u0103seasc\u0103 un loc de munc\u0103 mai bun.<\/p>\n<p class=\"ecl-paragraph\">FEG ajut\u0103 persoanele slab calificate \u0219i persoanele defavorizate aflate \u00een c\u0103utarea unui loc de munc\u0103 s\u0103 fac\u0103 fa\u021b\u0103 noilor provoc\u0103ri de pe pia\u021ba for\u021bei de munc\u0103.<\/p>\n<p class=\"ecl-paragraph\">De regul\u0103, FEG poate fi activat atunci c\u00e2nd o singur\u0103 \u00eentreprindere (inclusiv furnizorii \u0219i produc\u0103torii din aval) disponibilizeaz\u0103 peste 200 de lucr\u0103tori, \u00een special \u00een IMM-uri din diferite sectoare din aceea\u0219i regiune sau dintr-un anumit sector dintr-una sau mai multe regiuni \u00eenvecinate.<\/p>\n<p class=\"ecl-paragraph\">Bugetul anual de care dispune FEG \u00een perioada 2021-2027 este de 210 milioane EUR. FEG poate finan\u021ba \u00eentre 60\u00a0% \u0219i 85\u00a0% din costurile proiectelor menite s\u0103 ajute persoanele disponibilizate s\u0103-\u0219i g\u0103seasc\u0103 un nou loc de munc\u0103 sau s\u0103-\u0219i deschid\u0103 propria afacere.<\/p>\n<p class=\"ecl-paragraph\">Autorit\u0103\u021bile na\u021bionale sau regionale implementeaz\u0103 \u0219i gestioneaz\u0103 dosarele FEG. Fiecare proiect se deruleaz\u0103 pe o perioad\u0103 de doi ani.<\/p>\n<h2 class=\"ecl-heading ecl-heading--h2\">Ce fel de sprijin poate acorda FEG?<\/h2>\n<p class=\"ecl-paragraph\">FEG se adaug\u0103 serviciilor existente de asisten\u021b\u0103 pentru pia\u021ba for\u021bei de munc\u0103, propun\u00e2nd m\u0103suri personalizate pentru \u0219omeri.<\/p>\n<p class=\"ecl-paragraph\">FEG poate cofinan\u021ba m\u0103suri de sprijin viz\u00e2nd:<\/p>\n<ul class=\"ecl-list\">\n<li>c\u0103utarea unui loc de munc\u0103<\/li>\n<li>orientarea profesional\u0103<\/li>\n<li>educa\u021bia, formarea \u0219i reconversia profesional\u0103<\/li>\n<li>\u00eendrumarea \u0219i instruirea<\/li>\n<li>dezvoltarea spiritului antreprenorial \u0219i \u00eenfiin\u021barea de firme.<\/li>\n<\/ul>\n<p class=\"ecl-paragraph\">Poate oferi \u0219i aloca\u021bii de formare sau de \u00eentre\u021binere ori sprijin similar, inclusiv aloca\u021bii pentru \u00eengrijitori, mobilitate \u0219i relocare \u0219i stimulente de recrutare pentru angajatori.<\/p>\n<p class=\"ecl-paragraph\">FEG\u00a0<strong>nu<\/strong>\u00a0cofinan\u021beaz\u0103 m\u0103suri de protec\u021bie social\u0103, cum ar fi pensiile sau indemniza\u021biile de \u0219omaj.<\/p>\n<h2 class=\"ecl-heading ecl-heading--h2\">Cine poate beneficia?<\/h2>\n<p class=\"ecl-paragraph\">Proiectele cofinan\u021bate de FEG sprijin\u0103 lucr\u0103torii disponibiliza\u021bi, inclusiv lucr\u0103tori care desf\u0103\u0219oar\u0103 o activitate independent\u0103, lucr\u0103tori interimari \u0219i lucr\u0103tori cu contract pe durat\u0103 determinat\u0103.<\/p>\n<p class=\"ecl-paragraph\">FEG nu ofer\u0103 sprijin pentru a ajuta \u00eentreprinderile s\u0103 \u00ee\u0219i continue activitatea, s\u0103 se modernizeze sau s\u0103 se restructureze.<\/p>\n<h2 class=\"ecl-heading ecl-heading--h2\">Regulamentul FEG pentru perioada 2021-2027<\/h2>\n<p class=\"ecl-paragraph\"><a class=\"ecl-link\" href=\"https:\/\/eur-lex.europa.eu\/legal-content\/RO\/TXT\/?uri=CELEX%3A32021R0691\">Regulamentul FEG<\/a>\u00a0stabile\u0219te normele privind criteriile de interven\u021bie \u0219i beneficiarii \u0219i m\u0103surile eligibile. Principalele aspecte sunt:<\/p>\n<ul class=\"ecl-list\">\n<li>Sunt eligibile pentru sprijin persoanele care \u00ee\u0219i pierd locul de munc\u0103 din cauza crizei provocate de coronavirus, a digitaliz\u0103rii, a automatiz\u0103rii, a tranzi\u021biei c\u0103tre o economie cu emisii sc\u0103zute de dioxid de carbon sau a altor schimb\u0103ri, indiferent de cauza disponibiliz\u0103rilor.<\/li>\n<li>Cerin\u021ba formal\u0103 este ca cel pu\u021bin 200 de lucr\u0103tori s\u0103 \u00ee\u0219i fi pierdut locul de munc\u0103 \u00eentr-o anumit\u0103 perioad\u0103 de referin\u021b\u0103.<\/li>\n<li>Rata de cofinan\u021bare poate varia de la 60\u00a0% la 85\u00a0%.<\/li>\n<li>Fiecare caz se deruleaz\u0103 pe o perioad\u0103 de 2 ani.<\/li>\n<\/ul>\n<h2 class=\"ecl-heading ecl-heading--h2\">Prin ce se deosebe\u0219te FEG de alte fonduri structurale \u0219i de investi\u021bii ale UE?<\/h2>\n<p class=\"ecl-paragraph\">Fondurile structurale \u0219i de investi\u021bii ale UE (\u0219i mai ales\u00a0<a class=\"ecl-link\" href=\"https:\/\/ec.europa.eu\/esf-plus\">Fondul social european<\/a>) vizeaz\u0103 proiecte strategice, pe termen lung, care anticipeaz\u0103 \u0219i gestioneaz\u0103 impactul social al schimb\u0103rilor economice prin activit\u0103\u021bi de tipul \u00eenv\u0103\u021b\u0103rii pe tot parcursul vie\u021bii.<\/p>\n<p class=\"ecl-paragraph\">FEG furnizeaz\u0103 sprijin punctual \u0219i individual, limitat \u00een timp.<\/p>","protected":false},"excerpt":{"rendered":"<p>Fondul european de ajustare la globalizare pentru lucr\u0103torii disponibiliza\u021bi (FEG) este un instrument special care \u00eei permite Uniunii s\u0103 manifeste solidaritate fa\u021b\u0103 de angaja\u021bii\/lucr\u0103torii independen\u021bi care \u00ee\u0219i pierd locurile de munc\u0103 din cauza restructur\u0103rilor, ajut\u00e2ndu-i s\u0103 \u00ee\u0219i g\u0103seasc\u0103 altele noi. FEG contribuie la crearea unei economii europene mai dinamice \u0219i mai competitive prin \u00eembun\u0103t\u0103\u021birea competen\u021belor [&hellip;]<\/p>","protected":false},"author":1,"featured_media":135,"comment_status":"open","ping_status":"open","sticky":false,"template":"","format":"standard","meta":{"_bbp_topic_count":0,"_bbp_reply_count":0,"_bbp_total_topic_count":0,"_bbp_total_reply_count":0,"_bbp_voice_count":0,"_bbp_anonymous_reply_count":0,"_bbp_topic_count_hidden":0,"_bbp_reply_count_hidden":0,"_bbp_forum_subforum_count":0,"footnotes":""},"categories":[4],"tags":[],"class_list":["post-134","post","type-post","status-publish","format-standard","has-post-thumbnail","hentry","category-anunturi"],"_links":{"self":[{"href":"https:\/\/www.platformasociala.comunaisverna.ro\/ro\/wp-json\/wp\/v2\/posts\/134","targetHints":{"allow":["GET"]}}],"collection":[{"href":"https:\/\/www.platformasociala.comunaisverna.ro\/ro\/wp-json\/wp\/v2\/posts"}],"about":[{"href":"https:\/\/www.platformasociala.comunaisverna.ro\/ro\/wp-json\/wp\/v2\/types\/post"}],"author":[{"embeddable":true,"href":"https:\/\/www.platformasociala.comunaisverna.ro\/ro\/wp-json\/wp\/v2\/users\/1"}],"replies":[{"embeddable":true,"href":"https:\/\/www.platformasociala.comunaisverna.ro\/ro\/wp-json\/wp\/v2\/comments?post=134"}],"version-history":[{"count":1,"href":"https:\/\/www.platformasociala.comunaisverna.ro\/ro\/wp-json\/wp\/v2\/posts\/134\/revisions"}],"predecessor-version":[{"id":136,"href":"https:\/\/www.platformasociala.comunaisverna.ro\/ro\/wp-json\/wp\/v2\/posts\/134\/revisions\/136"}],"wp:featuredmedia":[{"embeddable":true,"href":"https:\/\/www.platformasociala.comunaisverna.ro\/ro\/wp-json\/wp\/v2\/media\/135"}],"wp:attachment":[{"href":"https:\/\/www.platformasociala.comunaisverna.ro\/ro\/wp-json\/wp\/v2\/media?parent=134"}],"wp:term":[{"taxonomy":"category","embeddable":true,"href":"https:\/\/www.platformasociala.comunaisverna.ro\/ro\/wp-json\/wp\/v2\/categories?post=134"},{"taxonomy":"post_tag","embeddable":true,"href":"https:\/\/www.platformasociala.comunaisverna.ro\/ro\/wp-json\/wp\/v2\/tags?post=134"}],"curies":[{"name":"wp","href":"https:\/\/api.w.org\/{rel}","templated":true}]}}